{"id":4604,"date":"2023-08-10T10:08:53","date_gmt":"2023-08-10T10:08:53","guid":{"rendered":"https:\/\/amtm.pl\/?p=4604"},"modified":"2023-08-10T10:08:53","modified_gmt":"2023-08-10T10:08:53","slug":"jak-ocieplic-aranzacje-salonu","status":"publish","type":"post","link":"https:\/\/datasolutions.com.pl\/index.php\/2023\/08\/10\/jak-ocieplic-aranzacje-salonu\/","title":{"rendered":"Jak ociepli\u0107 aran\u017cacj\u0119 salonu?"},"content":{"rendered":"<p style=\"font-weight: 400;\"><b>Ka\u017cdemu z nas zale\u017cy z pewno\u015bci\u0105 na tym, aby przebywa\u0107 na co dzie\u0144 w pi\u0119knej i przytulnej przestrzeni, w kt\u00f3rej po prostu b\u0119dziemy czu\u0107 si\u0119 komfortowo. Ma to szczeg\u00f3lne znaczenie w kontek\u015bcie aran\u017cacji mieszkania czy domu, gdzie sp\u0119dzamy najwi\u0119cej wolnego czasu. Zobaczmy, w jaki spos\u00f3b mo\u017cna ociepli\u0107 wn\u0119trze salonu!<\/b><!--more--><\/p>\n<p style=\"font-weight: 400;\"><span style=\"font-weight: 400;\">Salon jest dla wielu os\u00f3b najwa\u017cniejszym pomieszczeniem w ca\u0142ym mieszkaniu czy domu. To w\u0142a\u015bnie tam wypoczywamy po ci\u0119\u017ckim dniu w pracy czy w szkole, ale r\u00f3wnie\u017c przyjmujemy znajomych, przyjaci\u00f3\u0142 i cz\u0142onk\u00f3w rodziny. Cho\u0107by z tego powodu tak wa\u017cne jest to, aby wn\u0119trze by\u0142o funkcjonalne, reprezentacyjne, ale przede wszystkim mia\u0142o niepowtarzalny klimat.\u00a0<\/span><\/p>\n<h2 style=\"font-weight: 400;\"><span style=\"font-weight: 400;\">Urz\u0105dzanie salonu &#8211; od czego zacz\u0105\u0107?<\/span><\/h2>\n<p style=\"font-weight: 400;\"><span style=\"font-weight: 400;\">Aran\u017cacja wn\u0119trz to bardzo z\u0142o\u017cony temat, w kt\u00f3ry warto jednak si\u0119 zag\u0142\u0119bi\u0107, aby uzyska\u0107 rezultat spe\u0142niaj\u0105cy nasze indywidualne oczekiwania. Co prawda o gustach si\u0119 nie dyskutuje, ale istnieje wiele sprawdzonych zasad, dzi\u0119ki kt\u00f3rym przestrze\u0144 zyskuje na atrakcyjno\u015bci. Obecnie wiele os\u00f3b stawia na minimalistyczne wn\u0119trza ze stonowan\u0105 kolorystyk\u0105, ale nie oznacza to bynajmniej, \u017ce tego typu pomieszcze\u0144 nie mo\u017cna w jaki\u015b spos\u00f3b ociepli\u0107. Najwa\u017cniejsze jest tutaj jednak to, aby dok\u0142adnie okre\u015bli\u0107 swoj\u0105 wizj\u0119 i na jej podstawie wybra\u0107 interesuj\u0105ce nas elementy, w tym wszelkie ozdoby i dodatki.\u00a0<\/span><\/p>\n<p><img loading=\"lazy\" decoding=\"async\" class=\"aligncenter wp-image-4607 size-large\" src=\"https:\/\/amtm.pl\/wp-content\/uploads\/2023\/08\/1-1-1024x714.png\" alt=\"\" width=\"1024\" height=\"714\" \/><\/p>\n<h2 dir=\"ltr\">Ocieplenie salonu &#8211; sprawdzone sposoby<\/h2>\n<p dir=\"ltr\">Trudno jednoznacznie wskaza\u0107 uniwersalne rozwi\u0105zania na wizualne ocieplenie salonu czy jakiegokolwiek innego pomieszczenia, poniewa\u017c do ka\u017cdego przypadku najlepiej podej\u015b\u0107 indywidualnie. Mimo wszystko, mo\u017cna wymieni\u0107 kilka sposob\u00f3w na to, aby korzystnie odmieni\u0107 dowoln\u0105 przestrze\u0144. Jednym z nich jest zadbanie o o\u015bwietlenie (g\u0142\u00f3wne, jak i dekoracyjne) o ciep\u0142ej barwie. Dobrym pomys\u0142em b\u0119dzie te\u017c wyposa\u017cenie salonu w komplet \u015bwiec, kt\u00f3re na co dzie\u0144 mog\u0105 pe\u0142ni\u0107 ozdobn\u0105 funkcj\u0119. Salon stanie si\u0119 poza tym o wiele przytulniejszy je\u015bli wykorzystamy w nim naturalne materia\u0142y, w tym prawdziwe drewno, tkaniny (np. len, bawe\u0142na), mi\u0119kkie narzuty, poduszki, pledy itd. Przydatnym elementem b\u0119dzie te\u017c <a href=\"https:\/\/4wall.pl\/206_dywany-do-salonu\">dywan do salonu<\/a> z d\u0142ugim w\u0142osiem, kt\u00f3ry jest niezwykle mi\u0142y w dotyku. Na \u015bcianach mo\u017cna z kolei powiesi\u0107 obrazy w ciep\u0142ych kolorach, coraz popularniejsz\u0105 opcj\u0105 jest te\u017c <a href=\"https:\/\/4wall.pl\/256_fototapety-do-salonu\">fototapeta w salonie<\/a>, dzi\u0119ki kt\u00f3rej mo\u017cna optycznie powi\u0119kszy\u0107 pomieszczenie. Nie zapomnijmy te\u017c o ro\u015blinach i kwiatach doniczkowych, kt\u00f3re mo\u017cemy ulokowa\u0107 w kilku miejscach, wype\u0142niaj\u0105c nimi przestrze\u0144.<\/p>\n<p dir=\"ltr\"><img loading=\"lazy\" decoding=\"async\" class=\"aligncenter wp-image-4606 size-large\" src=\"https:\/\/amtm.pl\/wp-content\/uploads\/2023\/08\/2-1024x876.jpeg\" alt=\"\" width=\"1024\" height=\"876\" \/><\/p>\n<h2 dir=\"ltr\">Jakie dekoracje powinny znale\u017a\u0107 si\u0119 w salonie?<\/h2>\n<p dir=\"ltr\">Przy aran\u017cowaniu przytulnej i ciep\u0142ej przestrzeni trzeba zwr\u00f3ci\u0107 uwag\u0119 na ka\u017cdy detal, poniewa\u017c to w nich tkwi najwi\u0119ksza si\u0142a. Jak si\u0119 okazuje, zadowalaj\u0105cy efekt mo\u017cna uzyska\u0107 bez ponoszenia wielkich nak\u0142ad\u00f3w finansowych czy po\u015bwi\u0119cenia du\u017cej ilo\u015bci czasu. Sprawdza si\u0119 tutaj zasada, \u017ce najlepsze s\u0105 zawsze najprostsze sposoby. Warto ponadto skupi\u0107 si\u0119 nie tyle na ilo\u015bci, lecz na jako\u015bci wykorzystanych dekoracji, poniewa\u017c w przeciwnym razie mo\u017cemy uzyska\u0107 skutek odwrotny do tego, na jakim nam zale\u017ca\u0142o.<\/p>\n<div><\/div>\n","protected":false},"excerpt":{"rendered":"<p>Ka\u017cdemu z nas zale\u017cy z pewno\u015bci\u0105 na tym, aby przebywa\u0107 na co dzie\u0144 w pi\u0119knej i przytulnej przestrzeni, w kt\u00f3rej po prostu b\u0119dziemy czu\u0107 si\u0119 komfortowo. Ma to szczeg\u00f3lne znaczenie&hellip;<\/p>\n","protected":false},"author":1,"featured_media":4605,"comment_status":"closed","ping_status":"closed","sticky":false,"template":"","format":"standard","meta":{"footnotes":""},"categories":[3],"tags":[167,168],"class_list":["post-4604","post","type-post","status-publish","format-standard","has-post-thumbnail","hentry","category-dom-i-wnetrze","tag-dywan-do-salonu","tag-fototapeta-w-salonie"],"_links":{"self":[{"href":"https:\/\/datasolutions.com.pl\/index.php\/wp-json\/wp\/v2\/posts\/4604","targetHints":{"allow":["GET"]}}],"collection":[{"href":"https:\/\/datasolutions.com.pl\/index.php\/wp-json\/wp\/v2\/posts"}],"about":[{"href":"https:\/\/datasolutions.com.pl\/index.php\/wp-json\/wp\/v2\/types\/post"}],"author":[{"embeddable":true,"href":"https:\/\/datasolutions.com.pl\/index.php\/wp-json\/wp\/v2\/users\/1"}],"replies":[{"embeddable":true,"href":"https:\/\/datasolutions.com.pl\/index.php\/wp-json\/wp\/v2\/comments?post=4604"}],"version-history":[{"count":0,"href":"https:\/\/datasolutions.com.pl\/index.php\/wp-json\/wp\/v2\/posts\/4604\/revisions"}],"wp:featuredmedia":[{"embeddable":true,"href":"https:\/\/datasolutions.com.pl\/index.php\/wp-json\/"}],"wp:attachment":[{"href":"https:\/\/datasolutions.com.pl\/index.php\/wp-json\/wp\/v2\/media?parent=4604"}],"wp:term":[{"taxonomy":"category","embeddable":true,"href":"https:\/\/datasolutions.com.pl\/index.php\/wp-json\/wp\/v2\/categories?post=4604"},{"taxonomy":"post_tag","embeddable":true,"href":"https:\/\/datasolutions.com.pl\/index.php\/wp-json\/wp\/v2\/tags?post=4604"}],"curies":[{"name":"wp","href":"https:\/\/api.w.org\/{rel}","templated":true}]}}